{"id":51049,"date":"2026-04-29T11:12:38","date_gmt":"2026-04-29T14:12:38","guid":{"rendered":"https:\/\/projetoambiental.com.br\/?p=51049"},"modified":"2026-04-29T11:12:38","modified_gmt":"2026-04-29T14:12:38","slug":"problemas-na-estacao-de-tratamento-de-efluente-biologico-5-sinais-e-como-resolver","status":"publish","type":"post","link":"https:\/\/projetoambiental.com.br\/en\/problemas-na-estacao-de-tratamento-de-efluente-biologico-5-sinais-e-como-resolver\/","title":{"rendered":"Problemas na Esta\u00e7\u00e3o de Tratamento de Efluente Biol\u00f3gico: 5 sinais (e como resolver!)"},"content":{"rendered":"<p><span style=\"font-weight: 500;\">Lidar com <\/span><b>problemas na esta\u00e7\u00e3o de tratamento de efluente biol\u00f3gico<\/b><span style=\"font-weight: 500;\"> (ETB) costuma ser uma dor de cabe\u00e7a silenciosa que, de uma hora para outra, se transforma em uma emerg\u00eancia.\u00a0<\/span><\/p>\n<p><span style=\"font-weight: 500;\">Primeiramente, uma ETb bem projetada deve operar de forma quase invis\u00edvel para a f\u00e1brica, processando a carga org\u00e2nica sem interromper a produ\u00e7\u00e3o. No entanto, quando a biologia do sistema entra em colapso, <\/span><b>os sintomas f\u00edsicos e financeiros aparecem rapidamente.\u00a0<\/b><\/p>\n<p><span style=\"font-weight: 500;\">Muitas vezes, a equipe de manuten\u00e7\u00e3o tenta corrigir esses gargalos de forma isolada, apenas &#8220;apagando inc\u00eandios&#8221;. Consequentemente, os custos operacionais disparam e o risco de autua\u00e7\u00f5es pelos \u00f3rg\u00e3os fiscalizadores aumenta.<\/span><\/p>\n<p><span style=\"font-weight: 500;\">Se voc\u00ea quer descobrir o real estado da sua opera\u00e7\u00e3o, vista o chap\u00e9u de auditor. Abaixo, listamos os <\/span><b>5 sinais ineg\u00e1veis<\/b><span style=\"font-weight: 500;\"> de que sua ETB perdeu a efici\u00eancia.\u00a0<\/span><\/p>\n<p><b>Se voc\u00ea &#8220;ticar&#8221; dois ou mais desses itens, \u00e9 hora de agir.<\/b><\/p>\n<h2><b>Diagn\u00f3stico de problemas na Esta\u00e7\u00e3o de Tratamento de Efluentes<\/b><\/h2>\n<p><b>1)Odor f\u00e9tido e persistente (H\u2082S)<\/b><\/p>\n<p><span style=\"font-weight: 500;\">O mau cheiro n\u00e3o \u00e9 uma caracter\u00edstica normal de um tratamento biol\u00f3gico aer\u00f3bio, mas sim um atestado de problema. De modo geral, o odor na ETE forte (frequentemente lembrando enxofre ou esgoto cru) indica que o sistema de aera\u00e7\u00e3o n\u00e3o est\u00e1 fornecendo oxig\u00eanio suficiente para os microrganismos.\u00a0<\/span><\/p>\n<p><span style=\"font-weight: 500;\">Como resultado, a esta\u00e7\u00e3o passa a trabalhar em condi\u00e7\u00e3o anaer\u00f3bia (sem oxig\u00eanio), apodrecendo a mat\u00e9ria org\u00e2nica e gerando gases t\u00f3xicos e f\u00e9tidos que podem, inclusive, gerar reclama\u00e7\u00f5es da vizinhan\u00e7a.<\/span><\/p>\n<p><b>Leia tamb\u00e9m:<\/b> <a href=\"https:\/\/projetoambiental.com.br\/en\/como-escolher-a-etb-ideal-o-que-considerar-no-diagnostico-inicial\/\"><span style=\"font-weight: 500;\">Como escolher a ETB ideal: O que considerar no diagn\u00f3stico inicial?<\/span><\/a><\/p>\n<h3><b>2) Efluente final turvo ou com arraste de s\u00f3lidos<\/b><\/h3>\n<p><span style=\"font-weight: 500;\">O objetivo final da esta\u00e7\u00e3o \u00e9 devolver uma \u00e1gua clarificada e dentro dos padr\u00f5es de descarte.\u00a0<\/span><\/p>\n<p><span style=\"font-weight: 500;\">Por outro lado, se a \u00e1gua que sai do decantador apresenta turbidez elevada ou peda\u00e7os de biomassa flutuando (o chamado &#8220;arraste de lodo&#8221;), apresenta problemas na esta\u00e7\u00e3o de tratamento de efluente biol\u00f3gico.<\/span><\/p>\n<p><span style=\"font-weight: 500;\">Isso pode ser causado por sobrecarga de vaz\u00e3o, toxidez no efluente bruto ou falha estrutural no decantador. <\/span><b>Desse modo, a qualidade do descarte final \u00e9 gravemente comprometida, indicando problemas na esta\u00e7\u00e3o de tratamento de efluentes, r<\/b><b>esultando em descumprimento imediato das normas de descarte (como o <a href=\"https:\/\/www.legisweb.com.br\/legislacao\/?id=114770\">CONAMA 430\/2011<\/a>).<\/b><\/p>\n<h3><b>3) Gera\u00e7\u00e3o descontrolada e excesso de lodo<\/b><\/h3>\n<p><b>O descarte de lodo \u00e9 um dos maiores ralos de dinheiro (OPEX) do saneamento industrial. <\/b><span style=\"font-weight: 500;\">Embora a gera\u00e7\u00e3o de lodo seja uma etapa natural do processo biol\u00f3gico, o excesso de lodo indica que a &#8220;idade do lodo&#8221; est\u00e1 desregulada ou que a digest\u00e3o celular est\u00e1 ineficiente.\u00a0<\/span><\/p>\n<p><span style=\"font-weight: 500;\">Al\u00e9m disso, gastar fortunas semanalmente com caminh\u00f5es limpa-fossa para retirar esse lodo excedente \u00e9 um sinal claro de que os problemas na esta\u00e7\u00e3o de tratamento de efluentes est\u00e3o sangrando o caixa da empresa.<\/span><\/p>\n<h3><b>4) An\u00e1lises laboratoriais no limite da reprova\u00e7\u00e3o<\/b><\/h3>\n<p><span style=\"font-weight: 500;\">Voc\u00ea recebe o laudo do laborat\u00f3rio e os par\u00e2metros de DBO (Demanda Bioqu\u00edmica de Oxig\u00eanio), DQO (Demanda Qu\u00edmica de Oxig\u00eanio) e s\u00f3lidos suspensos est\u00e3o raspando no teto do limite permitido pela legisla\u00e7\u00e3o.<\/span><\/p>\n<p><span style=\"font-weight: 500;\">Portanto, sua f\u00e1brica est\u00e1 operando na corda bamba. Um simples pico de produ\u00e7\u00e3o pode jogar esses n\u00fameros para fora do padr\u00e3o normativo, resultando em multas pesadas. A adequa\u00e7\u00e3o ambiental industrial exige margem de seguran\u00e7a, e n\u00e3o laudos &#8220;no sufoco&#8221;.<\/span><\/p>\n<h3><b>5) Aumento inexplic\u00e1vel no consumo de energia e qu\u00edmicos<\/b><\/h3>\n<p><span style=\"font-weight: 500;\">A efici\u00eancia da ETE tamb\u00e9m \u00e9 medida no rel\u00f3gio de luz. Sopradores operando em pot\u00eancia m\u00e1xima 24 horas por dia sem melhorar a oxigena\u00e7\u00e3o, ou a necessidade de injetar rios de produtos qu\u00edmicos (como alcalinizantes e pol\u00edmeros) para tentar &#8220;segurar&#8221; o processo, s\u00e3o sintomas de uma engenharia defasada.\u00a0<\/span><\/p>\n<p><span style=\"font-weight: 500;\">Em suma, <\/span><b>voc\u00ea est\u00e1 gastando o triplo para obter metade do resultado.<\/b><\/p>\n<h2><b>Como resolver os Problemas na Esta\u00e7\u00e3o de Tratamento de Efluente Biol\u00f3gico?<\/b><\/h2>\n<p><span style=\"font-weight: 500;\">Identificar os gargalos \u00e9 apenas o primeiro passo.\u00a0<\/span><\/p>\n<p><b>O erro mais comum a partir daqui \u00e9 tentar aplicar solu\u00e7\u00f5es paliativas, como jogar mais cloro ou trocar maquin\u00e1rios sem entender a fundo o ciclo biol\u00f3gico da sua planta. <\/b><span style=\"font-weight: 500;\">A verdadeira adequa\u00e7\u00e3o ambiental industrial requer engenharia e dados precisos.<\/span><\/p>\n<p><span style=\"font-weight: 500;\">Com <\/span><b>23 anos de experi\u00eancia em saneamento de alta complexidade<\/b><span style=\"font-weight: 500;\">, a Projeto Ambiental n\u00e3o trabalha com &#8220;achismos&#8221;. N\u00f3s realizamos uma vis\u00e3o geral\u00a0 do seu cen\u00e1rio, diagnosticando a biologia do sistema, a hidr\u00e1ulica e a carga org\u00e2nica exata para <\/span><b>implementar corre\u00e7\u00f5es definitivas<\/b><span style=\"font-weight: 500;\">, seja por um ajuste operacional, automa\u00e7\u00e3o ou um retrofit completo da sua planta.<\/span><\/p>\n<p><b>O seu diagn\u00f3stico indicou que h\u00e1 problemas na Esta\u00e7\u00e3o de Tratamento de Efluente Biol\u00f3gico?<\/b><\/p>\n<p><span style=\"font-weight: 500;\">N\u00e3o espere a fiscaliza\u00e7\u00e3o bater na porta ou os custos de descarte inviabilizarem seu caixa.<\/span><\/p>\n<p><span style=\"font-weight: 500;\">Resolva o problema na raiz.<\/span><\/p>\n<p><a href=\"https:\/\/projetoambiental.com.br\/en\/contato\/\"><b>Clique aqui e fale com um especialista!<\/b><\/a><\/p>","protected":false},"excerpt":{"rendered":"<p>Lidar com problemas na esta\u00e7\u00e3o de tratamento de efluente biol\u00f3gico (ETB) costuma ser uma dor de cabe\u00e7a silenciosa que, de uma hora para outra, se transforma em uma emerg\u00eancia.\u00a0 Primeiramente, uma ETb bem projetada deve operar de forma quase invis\u00edvel para a f\u00e1brica, processando a carga org\u00e2nica sem interromper a produ\u00e7\u00e3o. No entanto, quando a [&hellip;]<\/p>","protected":false},"author":6,"featured_media":52096,"comment_status":"open","ping_status":"open","sticky":false,"template":"","format":"standard","meta":{"footnotes":""},"categories":[1],"tags":[],"class_list":["post-51049","post","type-post","status-publish","format-standard","has-post-thumbnail","hentry","category-sem-categoria"],"acf":[],"yoast_head":"<!-- This site is optimized with the Yoast SEO plugin v27.2 - https:\/\/yoast.com\/product\/yoast-seo-wordpress\/ -->\n<title>Problemas na Esta\u00e7\u00e3o de Tratamento de Efluente Biol\u00f3gico: 5 sinais (e como resolver!)<\/title>\n<meta name=\"description\" content=\"Listamos 5 sinais ineg\u00e1veis de que h\u00e1 problemas na esta\u00e7\u00e3o de tratamento de efluente biol\u00f3gico.\u00a0Se voc\u00ea &quot;ticar&quot; dois ou mais, \u00e9 hora de agir.\" \/>\n<meta name=\"robots\" content=\"index, follow, max-snippet:-1, max-image-preview:large, max-video-preview:-1\" \/>\n<link rel=\"canonical\" href=\"https:\/\/projetoambiental.com.br\/en\/problemas-na-estacao-de-tratamento-de-efluente-biologico-5-sinais-e-como-resolver\/\" \/>\n<meta property=\"og:locale\" content=\"en_US\" \/>\n<meta property=\"og:type\" content=\"article\" \/>\n<meta property=\"og:title\" content=\"Problemas na Esta\u00e7\u00e3o de Tratamento de Efluente Biol\u00f3gico: 5 sinais (e como resolver!)\" \/>\n<meta property=\"og:description\" content=\"Listamos 5 sinais ineg\u00e1veis de que h\u00e1 problemas na esta\u00e7\u00e3o de tratamento de efluente biol\u00f3gico.\u00a0Se voc\u00ea &quot;ticar&quot; dois ou mais, \u00e9 hora de agir.\" \/>\n<meta property=\"og:url\" content=\"https:\/\/projetoambiental.com.br\/en\/problemas-na-estacao-de-tratamento-de-efluente-biologico-5-sinais-e-como-resolver\/\" \/>\n<meta property=\"og:site_name\" content=\"Projeto Ambiental\" \/>\n<meta property=\"article:publisher\" content=\"https:\/\/www.facebook.com\/projeto.ambiental\/\" \/>\n<meta property=\"article:published_time\" content=\"2026-04-29T14:12:38+00:00\" \/>\n<meta property=\"og:image\" content=\"https:\/\/projetoambiental.com.br\/wp-content\/uploads\/2026\/04\/Projeto-Ambiental-Blog_-Problemas-na-Estacao-de-Tratamento-de-Efluentes.png\" \/>\n\t<meta property=\"og:image:width\" content=\"1200\" \/>\n\t<meta property=\"og:image:height\" content=\"628\" \/>\n\t<meta property=\"og:image:type\" content=\"image\/png\" \/>\n<meta name=\"author\" content=\"Juarez Simas\" \/>\n<meta name=\"twitter:card\" content=\"summary_large_image\" \/>\n<meta name=\"twitter:label1\" content=\"Written by\" \/>\n\t<meta name=\"twitter:data1\" content=\"Juarez Simas\" \/>\n\t<meta name=\"twitter:label2\" content=\"Est. reading time\" \/>\n\t<meta name=\"twitter:data2\" content=\"5 minutes\" \/>\n<script type=\"application\/ld+json\" class=\"yoast-schema-graph\">{\"@context\":\"https:\/\/schema.org\",\"@graph\":[{\"@type\":\"Article\",\"@id\":\"https:\/\/projetoambiental.com.br\/problemas-na-estacao-de-tratamento-de-efluente-biologico-5-sinais-e-como-resolver\/#article\",\"isPartOf\":{\"@id\":\"https:\/\/projetoambiental.com.br\/problemas-na-estacao-de-tratamento-de-efluente-biologico-5-sinais-e-como-resolver\/\"},\"author\":{\"name\":\"Juarez Simas\",\"@id\":\"https:\/\/projetoambiental.com.br\/#\/schema\/person\/fe558aa5654ba0323cd1a6eebbeaeba0\"},\"headline\":\"Problemas na Esta\u00e7\u00e3o de Tratamento de Efluente Biol\u00f3gico: 5 sinais (e como resolver!)\",\"datePublished\":\"2026-04-29T14:12:38+00:00\",\"mainEntityOfPage\":{\"@id\":\"https:\/\/projetoambiental.com.br\/problemas-na-estacao-de-tratamento-de-efluente-biologico-5-sinais-e-como-resolver\/\"},\"wordCount\":834,\"commentCount\":0,\"publisher\":{\"@id\":\"https:\/\/projetoambiental.com.br\/#organization\"},\"image\":{\"@id\":\"https:\/\/projetoambiental.com.br\/problemas-na-estacao-de-tratamento-de-efluente-biologico-5-sinais-e-como-resolver\/#primaryimage\"},\"thumbnailUrl\":\"https:\/\/projetoambiental.com.br\/wp-content\/uploads\/2026\/04\/Projeto-Ambiental-Blog_-Problemas-na-Estacao-de-Tratamento-de-Efluentes.png\",\"articleSection\":[\"sem categoria\"],\"inLanguage\":\"en-US\",\"potentialAction\":[{\"@type\":\"CommentAction\",\"name\":\"Comment\",\"target\":[\"https:\/\/projetoambiental.com.br\/problemas-na-estacao-de-tratamento-de-efluente-biologico-5-sinais-e-como-resolver\/#respond\"]}]},{\"@type\":\"WebPage\",\"@id\":\"https:\/\/projetoambiental.com.br\/problemas-na-estacao-de-tratamento-de-efluente-biologico-5-sinais-e-como-resolver\/\",\"url\":\"https:\/\/projetoambiental.com.br\/problemas-na-estacao-de-tratamento-de-efluente-biologico-5-sinais-e-como-resolver\/\",\"name\":\"Problemas na Esta\u00e7\u00e3o de Tratamento de Efluente Biol\u00f3gico: 5 sinais (e como resolver!)\",\"isPartOf\":{\"@id\":\"https:\/\/projetoambiental.com.br\/#website\"},\"primaryImageOfPage\":{\"@id\":\"https:\/\/projetoambiental.com.br\/problemas-na-estacao-de-tratamento-de-efluente-biologico-5-sinais-e-como-resolver\/#primaryimage\"},\"image\":{\"@id\":\"https:\/\/projetoambiental.com.br\/problemas-na-estacao-de-tratamento-de-efluente-biologico-5-sinais-e-como-resolver\/#primaryimage\"},\"thumbnailUrl\":\"https:\/\/projetoambiental.com.br\/wp-content\/uploads\/2026\/04\/Projeto-Ambiental-Blog_-Problemas-na-Estacao-de-Tratamento-de-Efluentes.png\",\"datePublished\":\"2026-04-29T14:12:38+00:00\",\"description\":\"Listamos 5 sinais ineg\u00e1veis de que h\u00e1 problemas na esta\u00e7\u00e3o de tratamento de efluente biol\u00f3gico.\u00a0Se voc\u00ea \\\"ticar\\\" dois ou mais, \u00e9 hora de agir.\",\"breadcrumb\":{\"@id\":\"https:\/\/projetoambiental.com.br\/problemas-na-estacao-de-tratamento-de-efluente-biologico-5-sinais-e-como-resolver\/#breadcrumb\"},\"inLanguage\":\"en-US\",\"potentialAction\":[{\"@type\":\"ReadAction\",\"target\":[\"https:\/\/projetoambiental.com.br\/problemas-na-estacao-de-tratamento-de-efluente-biologico-5-sinais-e-como-resolver\/\"]}]},{\"@type\":\"ImageObject\",\"inLanguage\":\"en-US\",\"@id\":\"https:\/\/projetoambiental.com.br\/problemas-na-estacao-de-tratamento-de-efluente-biologico-5-sinais-e-como-resolver\/#primaryimage\",\"url\":\"https:\/\/projetoambiental.com.br\/wp-content\/uploads\/2026\/04\/Projeto-Ambiental-Blog_-Problemas-na-Estacao-de-Tratamento-de-Efluentes.png\",\"contentUrl\":\"https:\/\/projetoambiental.com.br\/wp-content\/uploads\/2026\/04\/Projeto-Ambiental-Blog_-Problemas-na-Estacao-de-Tratamento-de-Efluentes.png\",\"width\":1200,\"height\":628,\"caption\":\"Listamos 5 sinais ineg\u00e1veis de que h\u00e1 problemas na esta\u00e7\u00e3o de tratamento de efluentes.\u00a0Se voc\u00ea \\\"ticar\\\" dois ou mais, \u00e9 hora de agir.\"},{\"@type\":\"BreadcrumbList\",\"@id\":\"https:\/\/projetoambiental.com.br\/problemas-na-estacao-de-tratamento-de-efluente-biologico-5-sinais-e-como-resolver\/#breadcrumb\",\"itemListElement\":[{\"@type\":\"ListItem\",\"position\":1,\"name\":\"In\u00edcio\",\"item\":\"https:\/\/projetoambiental.com.br\/\"},{\"@type\":\"ListItem\",\"position\":2,\"name\":\"Problemas na Esta\u00e7\u00e3o de Tratamento de Efluente Biol\u00f3gico: 5 sinais (e como resolver!)\"}]},{\"@type\":\"WebSite\",\"@id\":\"https:\/\/projetoambiental.com.br\/#website\",\"url\":\"https:\/\/projetoambiental.com.br\/\",\"name\":\"Projeto Ambiental\",\"description\":\"Solu\u00e7\u00f5es Sustent\u00e1veis para Empresas\",\"publisher\":{\"@id\":\"https:\/\/projetoambiental.com.br\/#organization\"},\"potentialAction\":[{\"@type\":\"SearchAction\",\"target\":{\"@type\":\"EntryPoint\",\"urlTemplate\":\"https:\/\/projetoambiental.com.br\/?s={search_term_string}\"},\"query-input\":{\"@type\":\"PropertyValueSpecification\",\"valueRequired\":true,\"valueName\":\"search_term_string\"}}],\"inLanguage\":\"en-US\"},{\"@type\":\"Organization\",\"@id\":\"https:\/\/projetoambiental.com.br\/#organization\",\"name\":\"Projeto Ambiental\",\"url\":\"https:\/\/projetoambiental.com.br\/\",\"logo\":{\"@type\":\"ImageObject\",\"inLanguage\":\"en-US\",\"@id\":\"https:\/\/projetoambiental.com.br\/#\/schema\/logo\/image\/\",\"url\":\"https:\/\/pambiental.agileprodutora.com.br\/wp-content\/uploads\/2022\/08\/logo-512-192x192-1.png\",\"contentUrl\":\"https:\/\/pambiental.agileprodutora.com.br\/wp-content\/uploads\/2022\/08\/logo-512-192x192-1.png\",\"width\":192,\"height\":192,\"caption\":\"Projeto Ambiental\"},\"image\":{\"@id\":\"https:\/\/projetoambiental.com.br\/#\/schema\/logo\/image\/\"},\"sameAs\":[\"https:\/\/www.facebook.com\/projeto.ambiental\/\",\"https:\/\/www.linkedin.com\/company\/projeto-ambiental\/\",\"https:\/\/www.youtube.com\/channel\/UCQlWXRNBkxo-1NyQMXnugBQ\",\"https:\/\/www.instagram.com\/projeto_ambiental\/\"]},{\"@type\":\"Person\",\"@id\":\"https:\/\/projetoambiental.com.br\/#\/schema\/person\/fe558aa5654ba0323cd1a6eebbeaeba0\",\"name\":\"Juarez Simas\",\"image\":{\"@type\":\"ImageObject\",\"inLanguage\":\"en-US\",\"@id\":\"https:\/\/secure.gravatar.com\/avatar\/12731427ca825add95d952a89d876b4ad7ad0766df32811406f4148603f3e8b3?s=96&d=mm&r=g\",\"url\":\"https:\/\/secure.gravatar.com\/avatar\/12731427ca825add95d952a89d876b4ad7ad0766df32811406f4148603f3e8b3?s=96&d=mm&r=g\",\"contentUrl\":\"https:\/\/secure.gravatar.com\/avatar\/12731427ca825add95d952a89d876b4ad7ad0766df32811406f4148603f3e8b3?s=96&d=mm&r=g\",\"caption\":\"Juarez Simas\"},\"sameAs\":[\"http:\/\/www.projetoambiental.com.br\"],\"url\":\"https:\/\/projetoambiental.com.br\/en\/author\/juarez-simas\/\"}]}<\/script>\n<!-- \/ Yoast SEO plugin. -->","yoast_head_json":{"title":"Problemas na Esta\u00e7\u00e3o de Tratamento de Efluente Biol\u00f3gico: 5 sinais (e como resolver!)","description":"Listamos 5 sinais ineg\u00e1veis de que h\u00e1 problemas na esta\u00e7\u00e3o de tratamento de efluente biol\u00f3gico.\u00a0Se voc\u00ea \"ticar\" dois ou mais, \u00e9 hora de agir.","robots":{"index":"index","follow":"follow","max-snippet":"max-snippet:-1","max-image-preview":"max-image-preview:large","max-video-preview":"max-video-preview:-1"},"canonical":"https:\/\/projetoambiental.com.br\/en\/problemas-na-estacao-de-tratamento-de-efluente-biologico-5-sinais-e-como-resolver\/","og_locale":"en_US","og_type":"article","og_title":"Problemas na Esta\u00e7\u00e3o de Tratamento de Efluente Biol\u00f3gico: 5 sinais (e como resolver!)","og_description":"Listamos 5 sinais ineg\u00e1veis de que h\u00e1 problemas na esta\u00e7\u00e3o de tratamento de efluente biol\u00f3gico.\u00a0Se voc\u00ea \"ticar\" dois ou mais, \u00e9 hora de agir.","og_url":"https:\/\/projetoambiental.com.br\/en\/problemas-na-estacao-de-tratamento-de-efluente-biologico-5-sinais-e-como-resolver\/","og_site_name":"Projeto Ambiental","article_publisher":"https:\/\/www.facebook.com\/projeto.ambiental\/","article_published_time":"2026-04-29T14:12:38+00:00","og_image":[{"width":1200,"height":628,"url":"https:\/\/projetoambiental.com.br\/wp-content\/uploads\/2026\/04\/Projeto-Ambiental-Blog_-Problemas-na-Estacao-de-Tratamento-de-Efluentes.png","type":"image\/png"}],"author":"Juarez Simas","twitter_card":"summary_large_image","twitter_misc":{"Written by":"Juarez Simas","Est. reading time":"5 minutes"},"schema":{"@context":"https:\/\/schema.org","@graph":[{"@type":"Article","@id":"https:\/\/projetoambiental.com.br\/problemas-na-estacao-de-tratamento-de-efluente-biologico-5-sinais-e-como-resolver\/#article","isPartOf":{"@id":"https:\/\/projetoambiental.com.br\/problemas-na-estacao-de-tratamento-de-efluente-biologico-5-sinais-e-como-resolver\/"},"author":{"name":"Juarez Simas","@id":"https:\/\/projetoambiental.com.br\/#\/schema\/person\/fe558aa5654ba0323cd1a6eebbeaeba0"},"headline":"Problemas na Esta\u00e7\u00e3o de Tratamento de Efluente Biol\u00f3gico: 5 sinais (e como resolver!)","datePublished":"2026-04-29T14:12:38+00:00","mainEntityOfPage":{"@id":"https:\/\/projetoambiental.com.br\/problemas-na-estacao-de-tratamento-de-efluente-biologico-5-sinais-e-como-resolver\/"},"wordCount":834,"commentCount":0,"publisher":{"@id":"https:\/\/projetoambiental.com.br\/#organization"},"image":{"@id":"https:\/\/projetoambiental.com.br\/problemas-na-estacao-de-tratamento-de-efluente-biologico-5-sinais-e-como-resolver\/#primaryimage"},"thumbnailUrl":"https:\/\/projetoambiental.com.br\/wp-content\/uploads\/2026\/04\/Projeto-Ambiental-Blog_-Problemas-na-Estacao-de-Tratamento-de-Efluentes.png","articleSection":["sem categoria"],"inLanguage":"en-US","potentialAction":[{"@type":"CommentAction","name":"Comment","target":["https:\/\/projetoambiental.com.br\/problemas-na-estacao-de-tratamento-de-efluente-biologico-5-sinais-e-como-resolver\/#respond"]}]},{"@type":"WebPage","@id":"https:\/\/projetoambiental.com.br\/problemas-na-estacao-de-tratamento-de-efluente-biologico-5-sinais-e-como-resolver\/","url":"https:\/\/projetoambiental.com.br\/problemas-na-estacao-de-tratamento-de-efluente-biologico-5-sinais-e-como-resolver\/","name":"Problemas na Esta\u00e7\u00e3o de Tratamento de Efluente Biol\u00f3gico: 5 sinais (e como resolver!)","isPartOf":{"@id":"https:\/\/projetoambiental.com.br\/#website"},"primaryImageOfPage":{"@id":"https:\/\/projetoambiental.com.br\/problemas-na-estacao-de-tratamento-de-efluente-biologico-5-sinais-e-como-resolver\/#primaryimage"},"image":{"@id":"https:\/\/projetoambiental.com.br\/problemas-na-estacao-de-tratamento-de-efluente-biologico-5-sinais-e-como-resolver\/#primaryimage"},"thumbnailUrl":"https:\/\/projetoambiental.com.br\/wp-content\/uploads\/2026\/04\/Projeto-Ambiental-Blog_-Problemas-na-Estacao-de-Tratamento-de-Efluentes.png","datePublished":"2026-04-29T14:12:38+00:00","description":"Listamos 5 sinais ineg\u00e1veis de que h\u00e1 problemas na esta\u00e7\u00e3o de tratamento de efluente biol\u00f3gico.\u00a0Se voc\u00ea \"ticar\" dois ou mais, \u00e9 hora de agir.","breadcrumb":{"@id":"https:\/\/projetoambiental.com.br\/problemas-na-estacao-de-tratamento-de-efluente-biologico-5-sinais-e-como-resolver\/#breadcrumb"},"inLanguage":"en-US","potentialAction":[{"@type":"ReadAction","target":["https:\/\/projetoambiental.com.br\/problemas-na-estacao-de-tratamento-de-efluente-biologico-5-sinais-e-como-resolver\/"]}]},{"@type":"ImageObject","inLanguage":"en-US","@id":"https:\/\/projetoambiental.com.br\/problemas-na-estacao-de-tratamento-de-efluente-biologico-5-sinais-e-como-resolver\/#primaryimage","url":"https:\/\/projetoambiental.com.br\/wp-content\/uploads\/2026\/04\/Projeto-Ambiental-Blog_-Problemas-na-Estacao-de-Tratamento-de-Efluentes.png","contentUrl":"https:\/\/projetoambiental.com.br\/wp-content\/uploads\/2026\/04\/Projeto-Ambiental-Blog_-Problemas-na-Estacao-de-Tratamento-de-Efluentes.png","width":1200,"height":628,"caption":"Listamos 5 sinais ineg\u00e1veis de que h\u00e1 problemas na esta\u00e7\u00e3o de tratamento de efluentes.\u00a0Se voc\u00ea \"ticar\" dois ou mais, \u00e9 hora de agir."},{"@type":"BreadcrumbList","@id":"https:\/\/projetoambiental.com.br\/problemas-na-estacao-de-tratamento-de-efluente-biologico-5-sinais-e-como-resolver\/#breadcrumb","itemListElement":[{"@type":"ListItem","position":1,"name":"In\u00edcio","item":"https:\/\/projetoambiental.com.br\/"},{"@type":"ListItem","position":2,"name":"Problemas na Esta\u00e7\u00e3o de Tratamento de Efluente Biol\u00f3gico: 5 sinais (e como resolver!)"}]},{"@type":"WebSite","@id":"https:\/\/projetoambiental.com.br\/#website","url":"https:\/\/projetoambiental.com.br\/","name":"Projeto Ambiental","description":"Solu\u00e7\u00f5es Sustent\u00e1veis para Empresas","publisher":{"@id":"https:\/\/projetoambiental.com.br\/#organization"},"potentialAction":[{"@type":"SearchAction","target":{"@type":"EntryPoint","urlTemplate":"https:\/\/projetoambiental.com.br\/?s={search_term_string}"},"query-input":{"@type":"PropertyValueSpecification","valueRequired":true,"valueName":"search_term_string"}}],"inLanguage":"en-US"},{"@type":"Organization","@id":"https:\/\/projetoambiental.com.br\/#organization","name":"Projeto Ambiental","url":"https:\/\/projetoambiental.com.br\/","logo":{"@type":"ImageObject","inLanguage":"en-US","@id":"https:\/\/projetoambiental.com.br\/#\/schema\/logo\/image\/","url":"https:\/\/pambiental.agileprodutora.com.br\/wp-content\/uploads\/2022\/08\/logo-512-192x192-1.png","contentUrl":"https:\/\/pambiental.agileprodutora.com.br\/wp-content\/uploads\/2022\/08\/logo-512-192x192-1.png","width":192,"height":192,"caption":"Projeto Ambiental"},"image":{"@id":"https:\/\/projetoambiental.com.br\/#\/schema\/logo\/image\/"},"sameAs":["https:\/\/www.facebook.com\/projeto.ambiental\/","https:\/\/www.linkedin.com\/company\/projeto-ambiental\/","https:\/\/www.youtube.com\/channel\/UCQlWXRNBkxo-1NyQMXnugBQ","https:\/\/www.instagram.com\/projeto_ambiental\/"]},{"@type":"Person","@id":"https:\/\/projetoambiental.com.br\/#\/schema\/person\/fe558aa5654ba0323cd1a6eebbeaeba0","name":"Juarez Simas","image":{"@type":"ImageObject","inLanguage":"en-US","@id":"https:\/\/secure.gravatar.com\/avatar\/12731427ca825add95d952a89d876b4ad7ad0766df32811406f4148603f3e8b3?s=96&d=mm&r=g","url":"https:\/\/secure.gravatar.com\/avatar\/12731427ca825add95d952a89d876b4ad7ad0766df32811406f4148603f3e8b3?s=96&d=mm&r=g","contentUrl":"https:\/\/secure.gravatar.com\/avatar\/12731427ca825add95d952a89d876b4ad7ad0766df32811406f4148603f3e8b3?s=96&d=mm&r=g","caption":"Juarez Simas"},"sameAs":["http:\/\/www.projetoambiental.com.br"],"url":"https:\/\/projetoambiental.com.br\/en\/author\/juarez-simas\/"}]}},"_links":{"self":[{"href":"https:\/\/projetoambiental.com.br\/en\/wp-json\/wp\/v2\/posts\/51049","targetHints":{"allow":["GET"]}}],"collection":[{"href":"https:\/\/projetoambiental.com.br\/en\/wp-json\/wp\/v2\/posts"}],"about":[{"href":"https:\/\/projetoambiental.com.br\/en\/wp-json\/wp\/v2\/types\/post"}],"author":[{"embeddable":true,"href":"https:\/\/projetoambiental.com.br\/en\/wp-json\/wp\/v2\/users\/6"}],"replies":[{"embeddable":true,"href":"https:\/\/projetoambiental.com.br\/en\/wp-json\/wp\/v2\/comments?post=51049"}],"version-history":[{"count":0,"href":"https:\/\/projetoambiental.com.br\/en\/wp-json\/wp\/v2\/posts\/51049\/revisions"}],"wp:featuredmedia":[{"embeddable":true,"href":"https:\/\/projetoambiental.com.br\/en\/wp-json\/wp\/v2\/media\/52096"}],"wp:attachment":[{"href":"https:\/\/projetoambiental.com.br\/en\/wp-json\/wp\/v2\/media?parent=51049"}],"wp:term":[{"taxonomy":"category","embeddable":true,"href":"https:\/\/projetoambiental.com.br\/en\/wp-json\/wp\/v2\/categories?post=51049"},{"taxonomy":"post_tag","embeddable":true,"href":"https:\/\/projetoambiental.com.br\/en\/wp-json\/wp\/v2\/tags?post=51049"}],"curies":[{"name":"wp","href":"https:\/\/api.w.org\/{rel}","templated":true}]}}